{"id":10,"date":"2023-10-27T15:40:00","date_gmt":"2023-10-27T13:40:00","guid":{"rendered":"https:\/\/chirurgien.tel\/blog\/?p=10"},"modified":"2023-10-27T16:18:55","modified_gmt":"2023-10-27T14:18:55","slug":"selon-un-chirurgien-esthetique-voici-quelle-est-la-personnalite-royale-la-plus-belle","status":"publish","type":"post","link":"https:\/\/chirurgien.tel\/blog\/2023\/10\/27\/selon-un-chirurgien-esthetique-voici-quelle-est-la-personnalite-royale-la-plus-belle\/","title":{"rendered":"Selon un chirurgien esth\u00e9tique, voici quelle est la personnalit\u00e9 royale la plus belle"},"content":{"rendered":"<p>Le Dr Julian De Silva, un c\u00e9l\u00e8bre chirurgien esth\u00e9tique britannique, s&rsquo;est pench\u00e9 sur la notion de beaut\u00e9 chez les membres de la famille royale britannique. Gr\u00e2ce \u00e0 l&rsquo;application du nombre d&rsquo;or, utilis\u00e9 depuis des si\u00e8cles pour d\u00e9terminer une certaine perfection esth\u00e9tique, il a \u00e9tabli un palmar\u00e8s des personnalit\u00e9s royales les plus belles.<\/p>\n<div id=\"ez-toc-container\" class=\"ez-toc-v2_0_75 counter-hierarchy ez-toc-counter ez-toc-grey ez-toc-container-direction\">\n<div class=\"ez-toc-title-container\">\n<p class=\"ez-toc-title\" style=\"cursor:inherit\">Table of Contents<\/p>\n<span class=\"ez-toc-title-toggle\"><a href=\"#\" class=\"ez-toc-pull-right ez-toc-btn ez-toc-btn-xs ez-toc-btn-default ez-toc-toggle\" aria-label=\"Toggle Table of Content\"><span class=\"ez-toc-js-icon-con\"><span class=\"\"><span class=\"eztoc-hide\" style=\"display:none;\">Toggle<\/span><span class=\"ez-toc-icon-toggle-span\"><svg style=\"fill: #999;color:#999\" xmlns=\"http:\/\/www.w3.org\/2000\/svg\" class=\"list-377408\" width=\"20px\" height=\"20px\" viewBox=\"0 0 24 24\" fill=\"none\"><path d=\"M6 6H4v2h2V6zm14 0H8v2h12V6zM4 11h2v2H4v-2zm16 0H8v2h12v-2zM4 16h2v2H4v-2zm16 0H8v2h12v-2z\" fill=\"currentColor\"><\/path><\/svg><svg style=\"fill: #999;color:#999\" class=\"arrow-unsorted-368013\" xmlns=\"http:\/\/www.w3.org\/2000\/svg\" width=\"10px\" height=\"10px\" viewBox=\"0 0 24 24\" version=\"1.2\" baseProfile=\"tiny\"><path d=\"M18.2 9.3l-6.2-6.3-6.2 6.3c-.2.2-.3.4-.3.7s.1.5.3.7c.2.2.4.3.7.3h11c.3 0 .5-.1.7-.3.2-.2.3-.5.3-.7s-.1-.5-.3-.7zM5.8 14.7l6.2 6.3 6.2-6.3c.2-.2.3-.5.3-.7s-.1-.5-.3-.7c-.2-.2-.4-.3-.7-.3h-11c-.3 0-.5.1-.7.3-.2.2-.3.5-.3.7s.1.5.3.7z\"\/><\/svg><\/span><\/span><\/span><\/a><\/span><\/div>\n<nav><ul class='ez-toc-list ez-toc-list-level-1 ' ><li class='ez-toc-page-1 ez-toc-heading-level-2'><a class=\"ez-toc-link ez-toc-heading-1\" href=\"https:\/\/chirurgien.tel\/blog\/2023\/10\/27\/selon-un-chirurgien-esthetique-voici-quelle-est-la-personnalite-royale-la-plus-belle\/#Quest-ce_que_le_nombre_dor\" >Qu&rsquo;est-ce que le nombre d&rsquo;or ?<\/a><\/li><li class='ez-toc-page-1 ez-toc-heading-level-2'><a class=\"ez-toc-link ez-toc-heading-2\" href=\"https:\/\/chirurgien.tel\/blog\/2023\/10\/27\/selon-un-chirurgien-esthetique-voici-quelle-est-la-personnalite-royale-la-plus-belle\/#Application_du_nombre_dor_aux_visages_des_celebrites\" >Application du nombre d&rsquo;or aux visages des c\u00e9l\u00e9brit\u00e9s<\/a><ul class='ez-toc-list-level-3' ><li class='ez-toc-heading-level-3'><a class=\"ez-toc-link ez-toc-heading-3\" href=\"https:\/\/chirurgien.tel\/blog\/2023\/10\/27\/selon-un-chirurgien-esthetique-voici-quelle-est-la-personnalite-royale-la-plus-belle\/#Les_resultats_de_letude_sur_la_beaute_des_personnalites_royales\" >Les r\u00e9sultats de l&rsquo;\u00e9tude sur la beaut\u00e9 des personnalit\u00e9s royales :<\/a><\/li><\/ul><\/li><li class='ez-toc-page-1 ez-toc-heading-level-2'><a class=\"ez-toc-link ez-toc-heading-4\" href=\"https:\/\/chirurgien.tel\/blog\/2023\/10\/27\/selon-un-chirurgien-esthetique-voici-quelle-est-la-personnalite-royale-la-plus-belle\/#La_beaute_un_concept_relatif_et_subjectif\" >La beaut\u00e9 : un concept relatif et subjectif<\/a><\/li><\/ul><\/nav><\/div>\n<h2><span class=\"ez-toc-section\" id=\"Quest-ce_que_le_nombre_dor\"><\/span>Qu&rsquo;est-ce que le nombre d&rsquo;or ?<span class=\"ez-toc-section-end\"><\/span><\/h2>\n<p>Le nombre d&rsquo;or, \u00e9galement connu sous le nom de Phi (\u03c6), est une proportion math\u00e9matique que l&rsquo;on retrouve dans de nombreux aspects de notre univers, notamment dans l&rsquo;art et l&rsquo;architecture. Ce nombre myst\u00e9rieux et fascinant est souvent consid\u00e9r\u00e9 comme repr\u00e9sentant l&rsquo;\u00e9quilibre parfait entre les parties d&rsquo;un tout.<\/p>\n<ul>\n<li>Il est d\u00e9fini par la relation suivante : (A+B)\/A = A\/B \u2248 1,618<\/li>\n<li>On le trouve, par exemple, dans les proportions des pyramides d\u2019\u00c9gypte ou dans celles des temples grecs.<\/li>\n<li>Certaines \u0153uvres d&rsquo;art reconnues, telles que les tableaux de L\u00e9onard de Vinci, respectent cette proportion divine.<\/li>\n<\/ul>\n<p>Depuis longtemps, des artistes, des architectes et m\u00eame des chirurgiens esth\u00e9tiques ont cherch\u00e9 \u00e0 appliquer ce nombre d&rsquo;or \u00e0 la conception de leurs r\u00e9alisations afin d&rsquo;y apporter une harmonie visuelle et une esth\u00e9tique irr\u00e9prochable.<\/p>\n<h2><span class=\"ez-toc-section\" id=\"Application_du_nombre_dor_aux_visages_des_celebrites\"><\/span>Application du nombre d&rsquo;or aux visages des c\u00e9l\u00e9brit\u00e9s<span class=\"ez-toc-section-end\"><\/span><\/h2>\n<p><strong>Le Dr Julian De Silva a d\u00e9velopp\u00e9 un programme informatique qui analyse les proportions et les caract\u00e9ristiques faciales des c\u00e9l\u00e9brit\u00e9s en fonction du nombre d&rsquo;or<\/strong>. Ce syst\u00e8me lui permet de d\u00e9terminer quels visages sont proches de la perfection esth\u00e9tique selon les crit\u00e8res d\u00e9finis par ce nombre myst\u00e9rieux. Par le pass\u00e9, il a \u00e9tabli que Jodie Comer chez les femmes et Reg\u00e9-Jean Page chez les hommes \u00e9taient les stars dont les visages s&rsquo;en rapprochaient le plus.<\/p>\n<p>Dans son \u00e9tude r\u00e9cente, le Dr De Silva s&rsquo;est concentr\u00e9 sur les membres de la famille royale britannique pour d\u00e9terminer leur classement en termes de beaut\u00e9.<\/p>\n<h3><span class=\"ez-toc-section\" id=\"Les_resultats_de_letude_sur_la_beaute_des_personnalites_royales\"><\/span>Les r\u00e9sultats de l&rsquo;\u00e9tude sur la beaut\u00e9 des personnalit\u00e9s royales :<span class=\"ez-toc-section-end\"><\/span><\/h3>\n<p>Voici le palmar\u00e8s de beaut\u00e9 des membres de la famille royale, \u00e9tabli en fonction de leur proximit\u00e9 avec le nombre d&rsquo;or :<\/p>\n<ol>\n<li>Meghan Markle &#8211; 87,4%<\/li>\n<li>Princesse Diana &#8211; 86,2%<\/li>\n<li>Kate Middleton &#8211; 85,8%<\/li>\n<li>Reine Rania de Jordanie &#8211; 84,1%<\/li>\n<li>Grace Kelly &#8211; 83,6%<\/li>\n<\/ol>\n<p><strong>Selon cette \u00e9tude, la Duchesse de Sussex, Meghan Markle, serait la personnalit\u00e9 royale la plus belle<\/strong>, avec un score de 87,4% en termes de conformit\u00e9 au nombre d&rsquo;or. Elle est suivie de pr\u00e8s par la Princesse Diana, d\u00e9c\u00e9d\u00e9e en 1997, et la Duchesse de Cambridge, Kate Middleton.<\/p>\n<p>Il est \u00e0 noter que ce classement ne prend pas en compte les membres masculins de la famille royale, qui pourraient \u00e9galement \u00eatre soumis \u00e0 une analyse similaire afin d&rsquo;\u00e9tablir leur proximit\u00e9 avec le nombre d&rsquo;or.<\/p>\n<h2><span class=\"ez-toc-section\" id=\"La_beaute_un_concept_relatif_et_subjectif\"><\/span>La beaut\u00e9 : un concept relatif et subjectif<span class=\"ez-toc-section-end\"><\/span><\/h2>\n<p>Bien que cette \u00e9tude puisse donner une id\u00e9e de ce qui est consid\u00e9r\u00e9 comme \u00ab\u00a0beau\u00a0\u00bb selon des crit\u00e8res math\u00e9matiques pr\u00e9cis, il est important de se rappeler que la beaut\u00e9 est avant tout une notion subjective. Les go\u00fbts et les pr\u00e9f\u00e9rences varient d&rsquo;une personne \u00e0 l&rsquo;autre et sont influenc\u00e9s par diff\u00e9rents facteurs tels que la culture, l&rsquo;environnement ou encore l&rsquo;\u00e9poque dans laquelle nous vivons.<\/p>\n<p>En outre, <strong>la beaut\u00e9 int\u00e9rieure &#8211; comprenant des aspects tels que la gentillesse, l&#8217;empathie et l&rsquo;intelligence &#8211; est tout aussi importante que l&rsquo;apparence physique<\/strong>. Ainsi, m\u00eame si l&rsquo;\u00e9tude du Dr De Silva offre une perspective int\u00e9ressante sur l&rsquo;appr\u00e9ciation de la beaut\u00e9 selon des crit\u00e8res universels, elle ne doit en aucun cas \u00eatre consid\u00e9r\u00e9e comme repr\u00e9sentative de ce qui fait v\u00e9ritablement la beaut\u00e9 d&rsquo;une personne.<\/p>\n<p>En r\u00e9sum\u00e9, bien que le nombre d&rsquo;or puisse servir de r\u00e9f\u00e9rence pour caract\u00e9riser la beaut\u00e9 et l&rsquo;harmonie visuelle, il ne faut pas oublier que chaque individu poss\u00e8de sa propre d\u00e9finition de ce qui est esth\u00e9tiquement plaisant et qu&rsquo;il est essentiel de prendre en compte l&rsquo;ensemble des attributs d&rsquo;une personne pour \u00e9valuer sa beaut\u00e9.<\/p>\n","protected":false},"excerpt":{"rendered":"<div class=\"mh-excerpt\"><p>Le Dr Julian De Silva, un c\u00e9l\u00e8bre chirurgien esth\u00e9tique britannique, s&rsquo;est pench\u00e9 sur la notion de beaut\u00e9 chez les membres de la famille royale britannique. <a class=\"mh-excerpt-more\" href=\"https:\/\/chirurgien.tel\/blog\/2023\/10\/27\/selon-un-chirurgien-esthetique-voici-quelle-est-la-personnalite-royale-la-plus-belle\/\" title=\"Selon un chirurgien esth\u00e9tique, voici quelle est la personnalit\u00e9 royale la plus belle\">[&#8230;]<\/a><\/p>\n<\/div>","protected":false},"author":5,"featured_media":14,"comment_status":"open","ping_status":"open","sticky":false,"template":"","format":"standard","meta":{"footnotes":""},"categories":[1],"tags":[],"class_list":["post-10","post","type-post","status-publish","format-standard","has-post-thumbnail","hentry","category-non-classe"],"_links":{"self":[{"href":"https:\/\/chirurgien.tel\/blog\/wp-json\/wp\/v2\/posts\/10","targetHints":{"allow":["GET"]}}],"collection":[{"href":"https:\/\/chirurgien.tel\/blog\/wp-json\/wp\/v2\/posts"}],"about":[{"href":"https:\/\/chirurgien.tel\/blog\/wp-json\/wp\/v2\/types\/post"}],"author":[{"embeddable":true,"href":"https:\/\/chirurgien.tel\/blog\/wp-json\/wp\/v2\/users\/5"}],"replies":[{"embeddable":true,"href":"https:\/\/chirurgien.tel\/blog\/wp-json\/wp\/v2\/comments?post=10"}],"version-history":[{"count":1,"href":"https:\/\/chirurgien.tel\/blog\/wp-json\/wp\/v2\/posts\/10\/revisions"}],"predecessor-version":[{"id":15,"href":"https:\/\/chirurgien.tel\/blog\/wp-json\/wp\/v2\/posts\/10\/revisions\/15"}],"wp:featuredmedia":[{"embeddable":true,"href":"https:\/\/chirurgien.tel\/blog\/wp-json\/wp\/v2\/media\/14"}],"wp:attachment":[{"href":"https:\/\/chirurgien.tel\/blog\/wp-json\/wp\/v2\/media?parent=10"}],"wp:term":[{"taxonomy":"category","embeddable":true,"href":"https:\/\/chirurgien.tel\/blog\/wp-json\/wp\/v2\/categories?post=10"},{"taxonomy":"post_tag","embeddable":true,"href":"https:\/\/chirurgien.tel\/blog\/wp-json\/wp\/v2\/tags?post=10"}],"curies":[{"name":"wp","href":"https:\/\/api.w.org\/{rel}","templated":true}]}}