{"id":29,"date":"2025-08-01T14:55:10","date_gmt":"2025-08-01T12:55:10","guid":{"rendered":"https:\/\/chirurgien.tel\/blog\/?p=29"},"modified":"2025-08-01T14:55:10","modified_gmt":"2025-08-01T12:55:10","slug":"fleurs-de-cbd-bio-francaises-un-choix-local-naturel-et-responsable","status":"publish","type":"post","link":"https:\/\/chirurgien.tel\/blog\/2025\/08\/01\/fleurs-de-cbd-bio-francaises-un-choix-local-naturel-et-responsable\/","title":{"rendered":"Fleurs de CBD bio fran\u00e7aises : un choix local, naturel et responsable"},"content":{"rendered":"\n<p>Le march\u00e9 du chanvre bien-\u00eatre conna\u00eet une croissance rapide. Face \u00e0 une offre de plus en plus large, les consommateurs deviennent attentifs \u00e0 l\u2019origine, aux m\u00e9thodes de production et \u00e0 la transparence des produits qu\u2019ils choisissent. Une tendance se confirme : l\u2019int\u00e9r\u00eat croissant pour des r\u00e9f\u00e9rences locales, cultiv\u00e9es selon des standards exigeants et respectueux de l\u2019environnement.<\/p>\n\n\n\n<div id=\"ez-toc-container\" class=\"ez-toc-v2_0_75 counter-hierarchy ez-toc-counter ez-toc-grey ez-toc-container-direction\">\n<div class=\"ez-toc-title-container\">\n<p class=\"ez-toc-title\" style=\"cursor:inherit\">Table of Contents<\/p>\n<span class=\"ez-toc-title-toggle\"><a href=\"#\" class=\"ez-toc-pull-right ez-toc-btn ez-toc-btn-xs ez-toc-btn-default ez-toc-toggle\" aria-label=\"Toggle Table of Content\"><span class=\"ez-toc-js-icon-con\"><span class=\"\"><span class=\"eztoc-hide\" style=\"display:none;\">Toggle<\/span><span class=\"ez-toc-icon-toggle-span\"><svg style=\"fill: #999;color:#999\" xmlns=\"http:\/\/www.w3.org\/2000\/svg\" class=\"list-377408\" width=\"20px\" height=\"20px\" viewBox=\"0 0 24 24\" fill=\"none\"><path d=\"M6 6H4v2h2V6zm14 0H8v2h12V6zM4 11h2v2H4v-2zm16 0H8v2h12v-2zM4 16h2v2H4v-2zm16 0H8v2h12v-2z\" fill=\"currentColor\"><\/path><\/svg><svg style=\"fill: #999;color:#999\" class=\"arrow-unsorted-368013\" xmlns=\"http:\/\/www.w3.org\/2000\/svg\" width=\"10px\" height=\"10px\" viewBox=\"0 0 24 24\" version=\"1.2\" baseProfile=\"tiny\"><path d=\"M18.2 9.3l-6.2-6.3-6.2 6.3c-.2.2-.3.4-.3.7s.1.5.3.7c.2.2.4.3.7.3h11c.3 0 .5-.1.7-.3.2-.2.3-.5.3-.7s-.1-.5-.3-.7zM5.8 14.7l6.2 6.3 6.2-6.3c.2-.2.3-.5.3-.7s-.1-.5-.3-.7c-.2-.2-.4-.3-.7-.3h-11c-.3 0-.5.1-.7.3-.2.2-.3.5-.3.7s.1.5.3.7z\"\/><\/svg><\/span><\/span><\/span><\/a><\/span><\/div>\n<nav><ul class='ez-toc-list ez-toc-list-level-1 ' ><li class='ez-toc-page-1 ez-toc-heading-level-2'><a class=\"ez-toc-link ez-toc-heading-1\" href=\"https:\/\/chirurgien.tel\/blog\/2025\/08\/01\/fleurs-de-cbd-bio-francaises-un-choix-local-naturel-et-responsable\/#Une_culture_encadree_et_transparente\" >Une culture encadr\u00e9e et transparente<\/a><\/li><li class='ez-toc-page-1 ez-toc-heading-level-2'><a class=\"ez-toc-link ez-toc-heading-2\" href=\"https:\/\/chirurgien.tel\/blog\/2025\/08\/01\/fleurs-de-cbd-bio-francaises-un-choix-local-naturel-et-responsable\/#Une_plante_exigeante_qui_absorbe_tout\" >Une plante exigeante qui absorbe tout<\/a><\/li><li class='ez-toc-page-1 ez-toc-heading-level-2'><a class=\"ez-toc-link ez-toc-heading-3\" href=\"https:\/\/chirurgien.tel\/blog\/2025\/08\/01\/fleurs-de-cbd-bio-francaises-un-choix-local-naturel-et-responsable\/#Qualite_visible_et_experience_constante\" >Qualit\u00e9 visible et exp\u00e9rience constante<\/a><\/li><li class='ez-toc-page-1 ez-toc-heading-level-2'><a class=\"ez-toc-link ez-toc-heading-4\" href=\"https:\/\/chirurgien.tel\/blog\/2025\/08\/01\/fleurs-de-cbd-bio-francaises-un-choix-local-naturel-et-responsable\/#Pour_quels_usages\" >Pour quels usages ?<\/a><\/li><li class='ez-toc-page-1 ez-toc-heading-level-2'><a class=\"ez-toc-link ez-toc-heading-5\" href=\"https:\/\/chirurgien.tel\/blog\/2025\/08\/01\/fleurs-de-cbd-bio-francaises-un-choix-local-naturel-et-responsable\/#Une_approche_locale_durable_et_coherente\" >Une approche locale, durable et coh\u00e9rente<\/a><\/li><li class='ez-toc-page-1 ez-toc-heading-level-2'><a class=\"ez-toc-link ez-toc-heading-6\" href=\"https:\/\/chirurgien.tel\/blog\/2025\/08\/01\/fleurs-de-cbd-bio-francaises-un-choix-local-naturel-et-responsable\/#Conclusion\" >Conclusion<\/a><\/li><\/ul><\/nav><\/div>\n<h2 class=\"wp-block-heading\"><span class=\"ez-toc-section\" id=\"Une_culture_encadree_et_transparente\"><\/span>Une culture encadr\u00e9e et transparente<span class=\"ez-toc-section-end\"><\/span><\/h2>\n\n\n\n<p>Une grande partie des produits disponibles aujourd\u2019hui provient de cultures \u00e9trang\u00e8res, o\u00f9 les normes varient. En France, les exploitations certifi\u00e9es bio suivent un cadre pr\u00e9cis : s\u00e9lection rigoureuse des vari\u00e9t\u00e9s, interdiction d\u2019engrais chimiques, r\u00e9colte soign\u00e9e, s\u00e9chage lent et contr\u00f4les ind\u00e9pendants.<\/p>\n\n\n\n<p>Certaines enseignes sp\u00e9cialis\u00e9es proposent d\u00e9sormais des <a href=\"https:\/\/lecomptoirducbdbio.fr\/collections\/fleurs-de-cbd\"><u>fleurs de CBD bio fran\u00e7aises<\/u><\/a>, issues de fili\u00e8res courtes et tra\u00e7ables. Chaque lot fait l\u2019objet d\u2019analyses pour garantir la conformit\u00e9 des taux et l\u2019absence de r\u00e9sidus ind\u00e9sirables.<\/p>\n\n\n\n<h2 class=\"wp-block-heading\"><span class=\"ez-toc-section\" id=\"Une_plante_exigeante_qui_absorbe_tout\"><\/span>Une plante exigeante qui absorbe tout<span class=\"ez-toc-section-end\"><\/span><\/h2>\n\n\n\n<p>Le chanvre a la particularit\u00e9 d\u2019absorber les \u00e9l\u00e9ments pr\u00e9sents dans le sol : nutriments, mais aussi polluants. Cette propri\u00e9t\u00e9 de bioaccumulation en fait une esp\u00e8ce tr\u00e8s efficace pour d\u00e9polluer, mais qui n\u00e9cessite une attention particuli\u00e8re lorsqu\u2019elle est destin\u00e9e \u00e0 la consommation. Sans un sol sain et une culture propre, les substances ind\u00e9sirables se retrouvent dans le produit final. D\u2019o\u00f9 l\u2019importance d\u2019une production biologique, sur des terres non trait\u00e9es.<\/p>\n\n\n\n<h2 class=\"wp-block-heading\"><span class=\"ez-toc-section\" id=\"Qualite_visible_et_experience_constante\"><\/span>Qualit\u00e9 visible et exp\u00e9rience constante<span class=\"ez-toc-section-end\"><\/span><\/h2>\n\n\n\n<p>Une culture bien conduite permet d\u2019obtenir un produit final homog\u00e8ne, visuellement propre, avec un profil aromatique stable. Les ar\u00f4mes sont francs, naturels, non masqu\u00e9s par des additifs ou des m\u00e9thodes de s\u00e9chage agressives. Cette r\u00e9gularit\u00e9 est particuli\u00e8rement appr\u00e9ci\u00e9e par les consommateurs qui recherchent un usage raisonn\u00e9 ou quotidien.<\/p>\n\n\n\n<h2 class=\"wp-block-heading\"><span class=\"ez-toc-section\" id=\"Pour_quels_usages\"><\/span>Pour quels usages ?<span class=\"ez-toc-section-end\"><\/span><\/h2>\n\n\n\n<p>Ces vari\u00e9t\u00e9s non transform\u00e9es conviennent \u00e0 diff\u00e9rents profils : personnes en qu\u00eate de d\u00e9tente, utilisateurs r\u00e9guliers, ou amateurs de plantes souhaitant cr\u00e9er leurs propres pr\u00e9parations. Leur forme brute, en tisane ou en vaporisation, rassure par sa simplicit\u00e9 et son absence d\u2019ingr\u00e9dients ajout\u00e9s.<\/p>\n\n\n\n<h2 class=\"wp-block-heading\"><span class=\"ez-toc-section\" id=\"Une_approche_locale_durable_et_coherente\"><\/span>Une approche locale, durable et coh\u00e9rente<span class=\"ez-toc-section-end\"><\/span><\/h2>\n\n\n\n<p>Favoriser une production nationale permet de r\u00e9duire l\u2019impact logistique, de soutenir une agriculture \u00e0 taille humaine et de participer \u00e0 la structuration d\u2019une fili\u00e8re fran\u00e7aise en plein d\u00e9veloppement. C\u2019est un choix \u00e9clair\u00e9, qui relie consommation responsable et bien-\u00eatre personnel.<\/p>\n\n\n\n<h2 class=\"wp-block-heading\"><span class=\"ez-toc-section\" id=\"Conclusion\"><\/span>Conclusion<span class=\"ez-toc-section-end\"><\/span><\/h2>\n\n\n\n<p>Le succ\u00e8s croissant des productions locales certifi\u00e9es s\u2019explique par des attentes claires : qualit\u00e9, tra\u00e7abilit\u00e9, respect de l\u2019environnement. Ce retour \u00e0 l\u2019essentiel s\u00e9duit une nouvelle g\u00e9n\u00e9ration de consommateurs attentifs \u00e0 ce qu\u2019ils consomment, autant qu\u2019\u00e0 la mani\u00e8re dont c\u2019est cultiv\u00e9.<\/p>\n\n\n\n<p><\/p>\n","protected":false},"excerpt":{"rendered":"<div class=\"mh-excerpt\"><p>Le march\u00e9 du chanvre bien-\u00eatre conna\u00eet une croissance rapide. Face \u00e0 une offre de plus en plus large, les consommateurs deviennent attentifs \u00e0 l\u2019origine, aux <a class=\"mh-excerpt-more\" href=\"https:\/\/chirurgien.tel\/blog\/2025\/08\/01\/fleurs-de-cbd-bio-francaises-un-choix-local-naturel-et-responsable\/\" title=\"Fleurs de CBD bio fran\u00e7aises : un choix local, naturel et responsable\">[&#8230;]<\/a><\/p>\n<\/div>","protected":false},"author":1,"featured_media":30,"comment_status":"open","ping_status":"open","sticky":false,"template":"","format":"standard","meta":{"footnotes":""},"categories":[1],"tags":[],"class_list":["post-29","post","type-post","status-publish","format-standard","has-post-thumbnail","hentry","category-non-classe"],"_links":{"self":[{"href":"https:\/\/chirurgien.tel\/blog\/wp-json\/wp\/v2\/posts\/29","targetHints":{"allow":["GET"]}}],"collection":[{"href":"https:\/\/chirurgien.tel\/blog\/wp-json\/wp\/v2\/posts"}],"about":[{"href":"https:\/\/chirurgien.tel\/blog\/wp-json\/wp\/v2\/types\/post"}],"author":[{"embeddable":true,"href":"https:\/\/chirurgien.tel\/blog\/wp-json\/wp\/v2\/users\/1"}],"replies":[{"embeddable":true,"href":"https:\/\/chirurgien.tel\/blog\/wp-json\/wp\/v2\/comments?post=29"}],"version-history":[{"count":1,"href":"https:\/\/chirurgien.tel\/blog\/wp-json\/wp\/v2\/posts\/29\/revisions"}],"predecessor-version":[{"id":31,"href":"https:\/\/chirurgien.tel\/blog\/wp-json\/wp\/v2\/posts\/29\/revisions\/31"}],"wp:featuredmedia":[{"embeddable":true,"href":"https:\/\/chirurgien.tel\/blog\/wp-json\/wp\/v2\/media\/30"}],"wp:attachment":[{"href":"https:\/\/chirurgien.tel\/blog\/wp-json\/wp\/v2\/media?parent=29"}],"wp:term":[{"taxonomy":"category","embeddable":true,"href":"https:\/\/chirurgien.tel\/blog\/wp-json\/wp\/v2\/categories?post=29"},{"taxonomy":"post_tag","embeddable":true,"href":"https:\/\/chirurgien.tel\/blog\/wp-json\/wp\/v2\/tags?post=29"}],"curies":[{"name":"wp","href":"https:\/\/api.w.org\/{rel}","templated":true}]}}