{"id":8,"date":"2023-10-27T15:40:00","date_gmt":"2023-10-27T13:40:00","guid":{"rendered":"https:\/\/chirurgien.tel\/blog\/?p=8"},"modified":"2023-10-27T16:23:05","modified_gmt":"2023-10-27T14:23:05","slug":"chu-de-nimes-et-montpellier-renouvellent-leur-engagement-pour-le-soin-la-formation-et-la-recherche","status":"publish","type":"post","link":"https:\/\/chirurgien.tel\/blog\/2023\/10\/27\/chu-de-nimes-et-montpellier-renouvellent-leur-engagement-pour-le-soin-la-formation-et-la-recherche\/","title":{"rendered":"CHU de N\u00eemes et Montpellier renouvellent leur engagement pour le soin, la formation et la recherche"},"content":{"rendered":"<p>Les Centres Hospitalo-Universitaires de N\u00eemes et Montpellier ont sign\u00e9 mardi 24 octobre une nouvelle convention hospitalo-universitaire. Cet \u00e9v\u00e9nement intervient pr\u00e8s de cinquante ans apr\u00e8s leur premi\u00e8re collaboration en 1975 et r\u00e9unit un grand nombre d&rsquo;acteurs-clefs dans le domaine de la sant\u00e9 r\u00e9gionale.<\/p>\n<div id=\"ez-toc-container\" class=\"ez-toc-v2_0_75 counter-hierarchy ez-toc-counter ez-toc-grey ez-toc-container-direction\">\n<div class=\"ez-toc-title-container\">\n<p class=\"ez-toc-title\" style=\"cursor:inherit\">Table of Contents<\/p>\n<span class=\"ez-toc-title-toggle\"><a href=\"#\" class=\"ez-toc-pull-right ez-toc-btn ez-toc-btn-xs ez-toc-btn-default ez-toc-toggle\" aria-label=\"Toggle Table of Content\"><span class=\"ez-toc-js-icon-con\"><span class=\"\"><span class=\"eztoc-hide\" style=\"display:none;\">Toggle<\/span><span class=\"ez-toc-icon-toggle-span\"><svg style=\"fill: #999;color:#999\" xmlns=\"http:\/\/www.w3.org\/2000\/svg\" class=\"list-377408\" width=\"20px\" height=\"20px\" viewBox=\"0 0 24 24\" fill=\"none\"><path d=\"M6 6H4v2h2V6zm14 0H8v2h12V6zM4 11h2v2H4v-2zm16 0H8v2h12v-2zM4 16h2v2H4v-2zm16 0H8v2h12v-2z\" fill=\"currentColor\"><\/path><\/svg><svg style=\"fill: #999;color:#999\" class=\"arrow-unsorted-368013\" xmlns=\"http:\/\/www.w3.org\/2000\/svg\" width=\"10px\" height=\"10px\" viewBox=\"0 0 24 24\" version=\"1.2\" baseProfile=\"tiny\"><path d=\"M18.2 9.3l-6.2-6.3-6.2 6.3c-.2.2-.3.4-.3.7s.1.5.3.7c.2.2.4.3.7.3h11c.3 0 .5-.1.7-.3.2-.2.3-.5.3-.7s-.1-.5-.3-.7zM5.8 14.7l6.2 6.3 6.2-6.3c.2-.2.3-.5.3-.7s-.1-.5-.3-.7c-.2-.2-.4-.3-.7-.3h-11c-.3 0-.5.1-.7.3-.2.2-.3.5-.3.7s.1.5.3.7z\"\/><\/svg><\/span><\/span><\/span><\/a><\/span><\/div>\n<nav><ul class='ez-toc-list ez-toc-list-level-1 ' ><li class='ez-toc-page-1 ez-toc-heading-level-2'><a class=\"ez-toc-link ez-toc-heading-1\" href=\"https:\/\/chirurgien.tel\/blog\/2023\/10\/27\/chu-de-nimes-et-montpellier-renouvellent-leur-engagement-pour-le-soin-la-formation-et-la-recherche\/#Une_cooperation_renforcee_pour_la_qualite_des_soins\" >Une coop\u00e9ration renforc\u00e9e pour la qualit\u00e9 des soins<\/a><ul class='ez-toc-list-level-3' ><li class='ez-toc-heading-level-3'><a class=\"ez-toc-link ez-toc-heading-2\" href=\"https:\/\/chirurgien.tel\/blog\/2023\/10\/27\/chu-de-nimes-et-montpellier-renouvellent-leur-engagement-pour-le-soin-la-formation-et-la-recherche\/#Focus_sur_la_chirurgie_lhematologie_et_les_AVC\" >Focus sur la chirurgie, l&rsquo;h\u00e9matologie et les AVC<\/a><\/li><\/ul><\/li><li class='ez-toc-page-1 ez-toc-heading-level-2'><a class=\"ez-toc-link ez-toc-heading-3\" href=\"https:\/\/chirurgien.tel\/blog\/2023\/10\/27\/chu-de-nimes-et-montpellier-renouvellent-leur-engagement-pour-le-soin-la-formation-et-la-recherche\/#Une_approche_commune_pour_la_formation_et_la_recherche\" >Une approche commune pour la formation et la recherche<\/a><ul class='ez-toc-list-level-3' ><li class='ez-toc-heading-level-3'><a class=\"ez-toc-link ez-toc-heading-4\" href=\"https:\/\/chirurgien.tel\/blog\/2023\/10\/27\/chu-de-nimes-et-montpellier-renouvellent-leur-engagement-pour-le-soin-la-formation-et-la-recherche\/#Creation_dun_campus_medical_regional\" >Cr\u00e9ation d&rsquo;un campus m\u00e9dical r\u00e9gional<\/a><\/li><\/ul><\/li><li class='ez-toc-page-1 ez-toc-heading-level-2'><a class=\"ez-toc-link ez-toc-heading-5\" href=\"https:\/\/chirurgien.tel\/blog\/2023\/10\/27\/chu-de-nimes-et-montpellier-renouvellent-leur-engagement-pour-le-soin-la-formation-et-la-recherche\/#Soutien_des_autorites_locales_et_engagement_societal\" >Soutien des autorit\u00e9s locales et engagement soci\u00e9tal<\/a><ul class='ez-toc-list-level-3' ><li class='ez-toc-heading-level-3'><a class=\"ez-toc-link ez-toc-heading-6\" href=\"https:\/\/chirurgien.tel\/blog\/2023\/10\/27\/chu-de-nimes-et-montpellier-renouvellent-leur-engagement-pour-le-soin-la-formation-et-la-recherche\/#Amelioration_durable_de_loffre_medicale_en_region\" >Am\u00e9lioration durable de l&rsquo;offre m\u00e9dicale en r\u00e9gion<\/a><\/li><\/ul><\/li><\/ul><\/nav><\/div>\n<h2><span class=\"ez-toc-section\" id=\"Une_cooperation_renforcee_pour_la_qualite_des_soins\"><\/span>Une coop\u00e9ration renforc\u00e9e pour la qualit\u00e9 des soins<span class=\"ez-toc-section-end\"><\/span><\/h2>\n<p>Cette signature marque avant tout un renforcement de la coop\u00e9ration entre les deux h\u00f4pitaux, pla\u00e7ant au centre de ses priorit\u00e9s l&rsquo;am\u00e9lioration de l&rsquo;offre de soins et l&rsquo;accessibilit\u00e9 pour tous \u00e0 ces services essentiels. Les directeurs g\u00e9n\u00e9raux des CHU respectifs, Nicolas Best pour N\u00eemes et Anne Ferrer pour Montpellier, ont particip\u00e9 activement \u00e0 la mise en place de cette nouvelle convention.<\/p>\n<h3><span class=\"ez-toc-section\" id=\"Focus_sur_la_chirurgie_lhematologie_et_les_AVC\"><\/span>Focus sur la chirurgie, l&rsquo;h\u00e9matologie et les AVC<span class=\"ez-toc-section-end\"><\/span><\/h3>\n<p>L&rsquo;alliance entre les deux CHU s&rsquo;articule notamment autour du d\u00e9veloppement conjoint d&rsquo;axes de prise en charge sp\u00e9cifiques tels que :<\/p>\n<ul>\n<li>La chirurgie;<\/li>\n<li>L&rsquo;h\u00e9matologie;<\/li>\n<li>La prise en charge des accidents vasculaires c\u00e9r\u00e9braux (AVC).<\/li>\n<\/ul>\n<p><strong>Le partenariat entend ainsi optimiser les parcours de patients concern\u00e9s par ces domaines m\u00e9dicaux souvent complexes, avec pour objectif de simplifier les d\u00e9marches et d&rsquo;am\u00e9liorer la qualit\u00e9 des soins<\/strong>.<\/p>\n<h2><span class=\"ez-toc-section\" id=\"Une_approche_commune_pour_la_formation_et_la_recherche\"><\/span>Une approche commune pour la formation et la recherche<span class=\"ez-toc-section-end\"><\/span><\/h2>\n<p>La convention hospitalo-universitaire se veut \u00e9galement vectrice de dynamisme en termes de formation et de recherche. La pr\u00e9sence d&rsquo;Isabelle Laffont, doyenne de la facult\u00e9 de m\u00e9decine Montpellier-N\u00eemes, ainsi que celle de ses homologues de pharmacie et odontologie, t\u00e9moignent de l&rsquo;engagement des centres universitaires dans ce projet commun.<\/p>\n<h3><span class=\"ez-toc-section\" id=\"Creation_dun_campus_medical_regional\"><\/span>Cr\u00e9ation d&rsquo;un campus m\u00e9dical r\u00e9gional<span class=\"ez-toc-section-end\"><\/span><\/h3>\n<p><strong>L&rsquo;une des ambitions des CHU en signant cette convention est la cr\u00e9ation d&rsquo;un v\u00e9ritable campus m\u00e9dical r\u00e9gional<\/strong>, permettant de mutualiser les comp\u00e9tences et les moyens techniques pour former les futurs professionnels de sant\u00e9 et d\u00e9velopper une recherche pluridisciplinaire d&rsquo;\u00e9minente qualit\u00e9. La synergie entre les institutions hospitali\u00e8res et universitaires constitue un atout majeur pour r\u00e9aliser cet objectif.<\/p>\n<h2><span class=\"ez-toc-section\" id=\"Soutien_des_autorites_locales_et_engagement_societal\"><\/span>Soutien des autorit\u00e9s locales et engagement soci\u00e9tal<span class=\"ez-toc-section-end\"><\/span><\/h2>\n<p>Le renouvellement de l&rsquo;engagement entre les CHU de N\u00eemes et Montpellier s&rsquo;est effectu\u00e9 en pr\u00e9sence de nombreuses personnalit\u00e9s locales, dont :<\/p>\n<ul>\n<li>Jean-Paul Fournier, maire de N\u00eemes, pr\u00e9sident du conseil de surveillance du CHU de la ville;<\/li>\n<li>Micha\u00ebl Delafosse, cumulant les m\u00eames fonctions \u00e0 Montpellier;<\/li>\n<li>Philippe Aug\u00e9, pr\u00e9sident de l&rsquo;Universit\u00e9 de Montpellier;<\/li>\n<li>Didier Jaffre, directeur g\u00e9n\u00e9ral de l&rsquo;agence r\u00e9gionale de sant\u00e9.<\/li>\n<\/ul>\n<p>Cette large repr\u00e9sentation t\u00e9moigne du soutien des autorit\u00e9s locales \u00e0 cette nouvelle alliance et souligne leur engagement en faveur d&rsquo;un d\u00e9veloppement soci\u00e9tal visant \u00e0 offrir le meilleur service possible aux populations locales.<\/p>\n<h3><span class=\"ez-toc-section\" id=\"Amelioration_durable_de_loffre_medicale_en_region\"><\/span>Am\u00e9lioration durable de l&rsquo;offre m\u00e9dicale en r\u00e9gion<span class=\"ez-toc-section-end\"><\/span><\/h3>\n<p><strong>La signature de cette convention est une \u00e9tape d\u00e9cisive pour am\u00e9liorer durablement l&rsquo;offre m\u00e9dicale en r\u00e9gion<\/strong>, rendue possible uniquement par la mobilisation des diff\u00e9rents partenaires institutionnels au service des besoins cruciaux des habitants. Le partenariat entre les CHU de N\u00eemes et Montpellier constitue un formidable levier pour assurer cette mission de service public tout en promouvant la qualit\u00e9, la comp\u00e9titivit\u00e9 et l&rsquo;excellence de l&rsquo;\u00e9cosyst\u00e8me m\u00e9dical r\u00e9gional.<\/p>\n","protected":false},"excerpt":{"rendered":"<div class=\"mh-excerpt\"><p>Les Centres Hospitalo-Universitaires de N\u00eemes et Montpellier ont sign\u00e9 mardi 24 octobre une nouvelle convention hospitalo-universitaire. Cet \u00e9v\u00e9nement intervient pr\u00e8s de cinquante ans apr\u00e8s leur <a class=\"mh-excerpt-more\" href=\"https:\/\/chirurgien.tel\/blog\/2023\/10\/27\/chu-de-nimes-et-montpellier-renouvellent-leur-engagement-pour-le-soin-la-formation-et-la-recherche\/\" title=\"CHU de N\u00eemes et Montpellier renouvellent leur engagement pour le soin, la formation et la recherche\">[&#8230;]<\/a><\/p>\n<\/div>","protected":false},"author":5,"featured_media":19,"comment_status":"open","ping_status":"open","sticky":false,"template":"","format":"standard","meta":{"footnotes":""},"categories":[1],"tags":[],"class_list":["post-8","post","type-post","status-publish","format-standard","has-post-thumbnail","hentry","category-non-classe"],"_links":{"self":[{"href":"https:\/\/chirurgien.tel\/blog\/wp-json\/wp\/v2\/posts\/8","targetHints":{"allow":["GET"]}}],"collection":[{"href":"https:\/\/chirurgien.tel\/blog\/wp-json\/wp\/v2\/posts"}],"about":[{"href":"https:\/\/chirurgien.tel\/blog\/wp-json\/wp\/v2\/types\/post"}],"author":[{"embeddable":true,"href":"https:\/\/chirurgien.tel\/blog\/wp-json\/wp\/v2\/users\/5"}],"replies":[{"embeddable":true,"href":"https:\/\/chirurgien.tel\/blog\/wp-json\/wp\/v2\/comments?post=8"}],"version-history":[{"count":1,"href":"https:\/\/chirurgien.tel\/blog\/wp-json\/wp\/v2\/posts\/8\/revisions"}],"predecessor-version":[{"id":20,"href":"https:\/\/chirurgien.tel\/blog\/wp-json\/wp\/v2\/posts\/8\/revisions\/20"}],"wp:featuredmedia":[{"embeddable":true,"href":"https:\/\/chirurgien.tel\/blog\/wp-json\/wp\/v2\/media\/19"}],"wp:attachment":[{"href":"https:\/\/chirurgien.tel\/blog\/wp-json\/wp\/v2\/media?parent=8"}],"wp:term":[{"taxonomy":"category","embeddable":true,"href":"https:\/\/chirurgien.tel\/blog\/wp-json\/wp\/v2\/categories?post=8"},{"taxonomy":"post_tag","embeddable":true,"href":"https:\/\/chirurgien.tel\/blog\/wp-json\/wp\/v2\/tags?post=8"}],"curies":[{"name":"wp","href":"https:\/\/api.w.org\/{rel}","templated":true}]}}